{"id":2344,"date":"2003-10-03T10:32:49","date_gmt":"2003-10-03T08:32:49","guid":{"rendered":"https:\/\/destinationcyber.com\/?p=2344"},"modified":"2003-10-03T10:32:49","modified_gmt":"2003-10-03T08:32:49","slug":"nouvel-accord-sur-la-formation-professionnelle-continue","status":"publish","type":"post","link":"https:\/\/destinationcyber.com\/?p=2344","title":{"rendered":"Nouvel accord sur la formation professionnelle continue"},"content":{"rendered":"<p class=\"post_excerpt\">Le nouvel accord sur la formation professionnelle continue vient d&rsquo;\u00eatre sign\u00e9 par les principaux syndicats. <\/p>\n<p>Les grandes lignes de l&rsquo;accord concernent la cr\u00e9ation du DIF, le droit individuel \u00e0 la formation, la possibilit\u00e9 de se former hors temps de travail, les moyens suppl\u00e9mentaires allou\u00e9s au CIF, cong\u00e9 individuel de formation, et la contribution minimum augment\u00e9e des entreprises.<\/p>\n<p>Chaque branche doit \u00e0 pr\u00e9sent et avant juin 2004, adapter l&rsquo;accord \u00e0 ses activit\u00e9s en autorisant des d\u00e9rogations et en d\u00e9terminant les nouvelles r\u00e8gles de gestion de collecte des fonds pour financer les formations.<\/p>\n<p>Du c\u00f4t\u00e9 des soci\u00e9t\u00e9s de conseil, d&rsquo;ing\u00e9nierie et d&rsquo;informatique, la formation continue tient une place importante : la dur\u00e9e moyenne de formation se situe entre une et deux semaines par an et par salari\u00e9.<\/p>\n<p>\u00ab\u00a0L&rsquo;accord n&rsquo;est pas neutre, mais il est encore un peu t\u00f4t pour \u00e9valuer ses avantages et inconv\u00e9nients pour les salari\u00e9s et les entreprises, juge Pierre Dellis, secr\u00e9taire g\u00e9n\u00e9ral du Syntec informatique. Plusieurs points sont encore tr\u00e8s flous, il faut attendre quelques mois avant de pouvoir mener une r\u00e9flexion sur leurs cons\u00e9quences\u00a0\u00bb.<\/p>\n<p>Les points de r\u00e9forme<\/p>\n<p>Globalement le salari\u00e9 pourra mieux ma\u00eetriser son parcours professionnel en r\u00e9clamant de son propre chef une formation, un entretien professionnel, le \u00ab\u00a0passeport formation\u00a0\u00bb o\u00f9 sont recens\u00e9s ses dipl\u00f4mes, titres et certifications, un bilan de comp\u00e9tences ou encore la validation de ses acquis. Si les conditions financi\u00e8res et de mise en ?uvre sont augment\u00e9es, il reste encore \u00e0 les d\u00e9finir pr\u00e9cis\u00e9ment.<\/p>\n<p>Plusieurs points sensibles ont finalement \u00e9t\u00e9 valid\u00e9s pendant les derni\u00e8res heures de n\u00e9gociation de l&rsquo;accord, notamment \u00e0 propos de la p\u00e9riode de formation et du montant des contributions de l&rsquo;entreprise.<\/p>\n<p>Dans le cadre d&rsquo;un DIF ou d&rsquo;un CIF, les salari\u00e9s pourront suivre leur formation en dehors des heures de travail, tout en \u00e9tant r\u00e9mun\u00e9r\u00e9s. En revanche le montant de l&rsquo;allocation vers\u00e9e par l&rsquo;enteprise n&rsquo;a pas \u00e9t\u00e9 d\u00e9fini (probablement entre 30 et 50% de la r\u00e9mun\u00e9ration de base). Quand la formation se d\u00e9roule pendant les heures de travail, le salari\u00e9 continue de recevoir 100% de son salaire.<\/p>\n<p>La CGT, dernier syndicat \u00e0 avoir sign\u00e9 l&rsquo;accord, redoute pourtant que la possibilit\u00e9 de formation hors temps de travail soit utilis\u00e9e par les employeurs comme un moyen d&rsquo;allonger la dur\u00e9e du travail? \u00ab\u00a0Nous verrons dans la pratique, relativise Pierre Dellis du Syntec informatique. Il y aura certainement des jurisprudences qui d\u00e9termineront petit \u00e0 petit le cadre d&rsquo;application de ces formations\u00a0\u00bb.<\/p>\n<p>Avec le nouveau Droit individuel \u00e0 la formation, les salari\u00e9s ont l&rsquo;initiative de leur formation. Ils b\u00e9n\u00e9ficient d&rsquo;un cr\u00e9dit maximum de 20 heures par an et peuvent, par ailleurs, cumuler un minimum de 120 heures sur six ans.<\/p>\n<p>Le transfert du DIF \u00e0 vie !<\/p>\n<p>Le transmissibilit\u00e9 du DIF est un autre point qui a difficilement \u00e9t\u00e9 conclu pendant la n\u00e9gociation. Le salari\u00e9 pourra transf\u00e9rer son droit \u00e0 la formation d&rsquo;une entreprise \u00e0 l&rsquo;autre, mais seulement dans les cas de licenciement \u00e9conomique, de fermeture d&rsquo;entreprise ou de restructuration. \u00ab\u00a0Il faut encore d\u00e9terminer de quelle mani\u00e8re ce genre de proc\u00e9d\u00e9 va \u00eatre trait\u00e9,\u00a0\u00bb s&rsquo;interroge Pierre Dellis. Est-ce que la dur\u00e9e va \u00eatre calcul\u00e9e en jours ou en num\u00e9raire ? <\/p>\n<p>Attitrer un compte \u00e9pargne-temps par salari\u00e9 va r\u00e9clamer la mise en place d&rsquo;un syst\u00e8me de gestion des ressources humaines sp\u00e9cial, de nouveaux progiciels de gestion de paie?etc. Le trait\u00e9 est tr\u00e8s flou \u00e0 ce propos\u00a0\u00bb.<\/p>\n<p>Sur les modifications du CIF, Pierre Dellis estime qu&rsquo;elles n&rsquo;auront que peu d&rsquo;impact sur la profession car \u00ab\u00a0ce type de formation est plut\u00f4t utilis\u00e9 pour des stages interprofessionnels\u00a0\u00bb, peu fr\u00e9quents chez les salari\u00e9s du Syntec informatique.<\/p>\n<p>En revanche, les salari\u00e9s pourront b\u00e9n\u00e9ficier, en plus de l&rsquo;aide re\u00e7ue des Opacif (organisme paritaire collecteur agr\u00e9\u00e9), d&rsquo;une aide suppl\u00e9mentaire venant du Fongecif comp\u00e9tent. C\u00f4t\u00e9 entreprises c&rsquo;est leur contribution au CIF qui a \u00e9t\u00e9 relev\u00e9e \u00e0 0,2% de la masse salariale.<\/p>\n<p>La contribution des entreprises<\/p>\n<p>Dans le nouvel accord, la contribution des entreprises au financement de la formation des salari\u00e9s a largement \u00e9t\u00e9 augment\u00e9. A partir du 1er janvier 2004, elles devront verser :<br \/>\n&#8211; pour les entreprises de 10 salari\u00e9s et plus : 1,6% du montant des r\u00e9mun\u00e9rations vers\u00e9es en 2004 (minimum vers\u00e9 dont 0,2% \u00e0 un Fongecip et 0,50% \u00e0 un Opca).<br \/>\n&#8211; pour les entreprises de moins de 10 salari\u00e9s : 0,40% du montant des r\u00e9mun\u00e9rations vers\u00e9es en 2004, puis 0,55% \u00e0 partir de l&rsquo;ann\u00e9e 2005 (minimum vers\u00e9 \u00e0 un Opca).<\/p>\n<p>Dans la convention collective du Syntec informatique, qui concerne les soci\u00e9t\u00e9s de services informatiques, de l&rsquo;ing\u00e9nierie, des \u00e9tudes et du conseil, la contribution se situait, avant l&rsquo;accord, \u00e0 un taux minimum de 0,225 % de contribution pour les entreprises de dix salari\u00e9s ou plus et \u00e0 0,1% pour les entreprises de moins de 10 salari\u00e9s.<\/p>\n<p>Mais surprise : en pratique, selon le FAFIEC, les versements effectifs d\u00e9passent pour la plupart le montant minimum conventionnel pour atteindre de 5 \u00e0 5,5% de la masse salariale ! <\/p>\n<p>La r\u00e9forme ne ferait donc que rejoindre de loin les pratiques de la branche.<\/p>\n<p>[source &#8211; journaldunet.com]&nbsp;Philippine Arnal, EmploiCenter<\/p>\n","protected":false},"excerpt":{"rendered":"<p>Le nouvel accord sur la formation professionnelle continue vient d&rsquo;\u00eatre sign\u00e9 par les principaux syndicats. <\/p>\n","protected":false},"author":1,"featured_media":0,"comment_status":"closed","ping_status":"open","sticky":false,"template":"","format":"standard","meta":{"_citadela_custom_class":"","footnotes":""},"categories":[19],"tags":[],"class_list":["post-2344","post","type-post","status-publish","format-standard","hentry","category-e-droit"],"_links":{"self":[{"href":"https:\/\/destinationcyber.com\/index.php?rest_route=\/wp\/v2\/posts\/2344","targetHints":{"allow":["GET"]}}],"collection":[{"href":"https:\/\/destinationcyber.com\/index.php?rest_route=\/wp\/v2\/posts"}],"about":[{"href":"https:\/\/destinationcyber.com\/index.php?rest_route=\/wp\/v2\/types\/post"}],"author":[{"embeddable":true,"href":"https:\/\/destinationcyber.com\/index.php?rest_route=\/wp\/v2\/users\/1"}],"replies":[{"embeddable":true,"href":"https:\/\/destinationcyber.com\/index.php?rest_route=%2Fwp%2Fv2%2Fcomments&post=2344"}],"version-history":[{"count":0,"href":"https:\/\/destinationcyber.com\/index.php?rest_route=\/wp\/v2\/posts\/2344\/revisions"}],"wp:attachment":[{"href":"https:\/\/destinationcyber.com\/index.php?rest_route=%2Fwp%2Fv2%2Fmedia&parent=2344"}],"wp:term":[{"taxonomy":"category","embeddable":true,"href":"https:\/\/destinationcyber.com\/index.php?rest_route=%2Fwp%2Fv2%2Fcategories&post=2344"},{"taxonomy":"post_tag","embeddable":true,"href":"https:\/\/destinationcyber.com\/index.php?rest_route=%2Fwp%2Fv2%2Ftags&post=2344"}],"curies":[{"name":"wp","href":"https:\/\/api.w.org\/{rel}","templated":true}]}}