{"id":2299,"date":"2003-09-26T15:25:09","date_gmt":"2003-09-26T13:25:09","guid":{"rendered":"https:\/\/destinationcyber.com\/?p=2299"},"modified":"2003-09-26T15:25:09","modified_gmt":"2003-09-26T13:25:09","slug":"bruxelles-veut-integrer-lidentification-biometrique-dans-les-visas","status":"publish","type":"post","link":"https:\/\/destinationcyber.com\/?p=2299","title":{"rendered":"Bruxelles veut int\u00e9grer l&rsquo;identification biom\u00e9trique dans les visas"},"content":{"rendered":"<p class=\"post_excerpt\">La Commission europ\u00e9enne propose d&rsquo;int\u00e9grer des \u00e9l\u00e9ments d&rsquo;identification biom\u00e9triques dans les visas et titres de s\u00e9jour des ressortissants de pays tiers.<\/p>\n<p>L&rsquo;ex\u00e9cutif europ\u00e9en a adopt\u00e9 mercredi et transmis au Conseil et au Parlement europ\u00e9ens deux propositions en vue de la modification des r\u00e8glements communautaires qui \u00e9tablissent un mod\u00e8le uniforme de titre de s\u00e9jour et un mod\u00e8le type de visa.<br \/>\nA travers ces propositions, Bruxelles souhaite avancer de l&rsquo;ann\u00e9e 2007, \u00e0 l&rsquo;ann\u00e9e 2005 l&rsquo;\u00e9ch\u00e9ance fix\u00e9e pour l&rsquo;insertion de la photographie au mod\u00e8le type de visa, et pour l&rsquo;adoption d&rsquo;une vignette adh\u00e9sive au mod\u00e8le de titre de s\u00e9jour.<\/p>\n<p>De plus, dans un souci d&rsquo;interop\u00e9rabilit\u00e9, la Commission demande aux Etats membres de travailler \u00e0 l&rsquo;harmonisation des \u00e9l\u00e9ments d&rsquo;identification biom\u00e9triques dans le visa et le titre de s\u00e9jour pour ressortissants de pays tiers. <\/p>\n<p>\u00ab\u00a0Science qui \u00e9tudie \u00e0 l&rsquo;aide des math\u00e9matiques les variations biologiques \u00e0 l&rsquo;int\u00e9rieur d&rsquo;un groupe d\u00e9termin\u00e9\u00a0\u00bb (Le Robert), la biom\u00e9trie s&rsquo;appuie sur des outils\/syst\u00e8mes pour analyser des caract\u00e9ristiques propres \u00e0 chaque individu : empreintes digitales, yeux, voix, etc.<\/p>\n<p>Dans ce cadre, les propositions de la Commission europ\u00e9enne pr\u00e9voient le stockage obligatoire de \u00ab\u00a0l&rsquo;image de face\u00a0\u00bb en tant qu&rsquo;\u00e9l\u00e9ment biom\u00e9trique principal, compl\u00e9t\u00e9 de l&#8217;empreinte digitale, \u00ab\u00a0la meilleure solution pour les contr\u00f4les de base\u00a0\u00bb.<\/p>\n<p>Pour le choix de ces \u00e9l\u00e9ments biom\u00e9triques, la Commission a tenu compte des travaux de l&rsquo;OACI (Organisation de l&rsquo;aviation civile internationale) et de l&rsquo;\u00e9tude de faisabilit\u00e9 sur le Syst\u00e8me d&rsquo;information sur les visas (VIS), sans perdre de vue \u00ab\u00a0la n\u00e9cessit\u00e9 de trouver un juste \u00e9quilibre entre le renforcement de la s\u00e9curit\u00e9 et le respect des droits individuels des personnes concern\u00e9es.\u00a0\u00bb <\/p>\n<p>L&rsquo;objectif officiel de Bruxelles est \u00ab\u00a0de parvenir \u00e0 une solution qui garantisse un niveau de s\u00e9curit\u00e9 tr\u00e8s \u00e9lev\u00e9 et donne techniquement les meilleurs r\u00e9sultats.\u00a0\u00bb<\/p>\n<p>Les Etats membres de l&rsquo;UE ont d&rsquo;ores et d\u00e9j\u00e0 mis en place des autorit\u00e9s de contr\u00f4le charg\u00e9es de surveiller l&rsquo;application, sur leur territoire, de la directive sur la protection des donn\u00e9es \u00e0 caract\u00e8re personnel, y compris biom\u00e9triques. <\/p>\n<p>[source &#8211; neteconomie.com]&nbsp;Ariane Beky<\/p>\n","protected":false},"excerpt":{"rendered":"<p>La Commission europ\u00e9enne propose d&rsquo;int\u00e9grer des \u00e9l\u00e9ments d&rsquo;identification biom\u00e9triques dans les visas et titres de s\u00e9jour des ressortissants de pays tiers.<\/p>\n","protected":false},"author":1,"featured_media":0,"comment_status":"closed","ping_status":"open","sticky":false,"template":"","format":"standard","meta":{"_citadela_custom_class":"","footnotes":""},"categories":[19],"tags":[],"class_list":["post-2299","post","type-post","status-publish","format-standard","hentry","category-e-droit"],"_links":{"self":[{"href":"https:\/\/destinationcyber.com\/index.php?rest_route=\/wp\/v2\/posts\/2299","targetHints":{"allow":["GET"]}}],"collection":[{"href":"https:\/\/destinationcyber.com\/index.php?rest_route=\/wp\/v2\/posts"}],"about":[{"href":"https:\/\/destinationcyber.com\/index.php?rest_route=\/wp\/v2\/types\/post"}],"author":[{"embeddable":true,"href":"https:\/\/destinationcyber.com\/index.php?rest_route=\/wp\/v2\/users\/1"}],"replies":[{"embeddable":true,"href":"https:\/\/destinationcyber.com\/index.php?rest_route=%2Fwp%2Fv2%2Fcomments&post=2299"}],"version-history":[{"count":0,"href":"https:\/\/destinationcyber.com\/index.php?rest_route=\/wp\/v2\/posts\/2299\/revisions"}],"wp:attachment":[{"href":"https:\/\/destinationcyber.com\/index.php?rest_route=%2Fwp%2Fv2%2Fmedia&parent=2299"}],"wp:term":[{"taxonomy":"category","embeddable":true,"href":"https:\/\/destinationcyber.com\/index.php?rest_route=%2Fwp%2Fv2%2Fcategories&post=2299"},{"taxonomy":"post_tag","embeddable":true,"href":"https:\/\/destinationcyber.com\/index.php?rest_route=%2Fwp%2Fv2%2Ftags&post=2299"}],"curies":[{"name":"wp","href":"https:\/\/api.w.org\/{rel}","templated":true}]}}