{"id":2132,"date":"2003-09-02T20:46:49","date_gmt":"2003-09-02T18:46:49","guid":{"rendered":"https:\/\/destinationcyber.com\/?p=2132"},"modified":"2003-09-02T20:46:49","modified_gmt":"2003-09-02T18:46:49","slug":"reforme-de-la-secu-le-gouvernement-prend-tout-son-temps","status":"publish","type":"post","link":"https:\/\/destinationcyber.com\/?p=2132","title":{"rendered":"R\u00e9forme de la \u00ab\u00a0S\u00e9cu\u00a0\u00bb: le gouvernement prend tout son temps"},"content":{"rendered":"<p>Le gouvernement prend tout son temps sur la r\u00e9forme de la S\u00e9curit\u00e9 sociale. Le ministre de la Sant\u00e9 Jean-Fran\u00e7ois Mattei, qui donnait mardi le coup d&rsquo;envoi des consultations avec les partenaires sociaux, a propos\u00e9 de mettre en place une instance de concertation pour \u00e9tablir d&rsquo;ici novembre un \u00ab\u00a0diagnostic partag\u00e9\u00a0\u00bb.<\/p>\n<p>Selon le secr\u00e9taire g\u00e9n\u00e9ral de Force Ouvri\u00e8re Marc Blondel, ce Haut conseil s&rsquo;inspirera du mod\u00e8le du Conseil d&rsquo;orientation des retraites (COR), cr\u00e9\u00e9 par le gouvernement Jospin. Il devrait r\u00e9unir les partenaires sociaux, les administrations, des personnalit\u00e9s qualifi\u00e9es, des repr\u00e9sentants du corps m\u00e9dical et des malades.<\/p>\n<p>Mise en place \u00ab\u00a0dans les prochains jours\u00a0\u00bb, cette instance pr\u00e9parera la p\u00e9riode de concertation proprement dite, qui s&rsquo;\u00e9talera jusqu&rsquo;au printemps 2004. Elle se d\u00e9roulera dans des groupes de travail sur les diff\u00e9rents aspects de la r\u00e9forme. Selon Marc Blondel, Jean-Fran\u00e7ois Mattei a \u00e9voqu\u00e9 la tenue d&rsquo;une \u00ab\u00a0n\u00e9gociation\u00a0\u00bb avec les partenaires sociaux dans la phase finale.<\/p>\n<p>Le projet de r\u00e9forme lui-m\u00eame sera pr\u00e9sent\u00e9 \u00e0 l&rsquo;automne 2004 au Parlement, en m\u00eame temps que le projet de loi de financement de la S\u00e9curit\u00e9 sociale (PLFSS) 2005, a confirm\u00e9 Jean-Fran\u00e7ois Mattei dans un communiqu\u00e9.<\/p>\n<p>Le ministre de la Sant\u00e9 a souhait\u00e9 \u00ab\u00a0un dialogue tr\u00e8s ouvert afin de trouver, avec l&rsquo;ensemble des partenaires, les adaptations n\u00e9cessaires \u00e0 notre syst\u00e8me de sant\u00e9\u00a0\u00bb.<\/p>\n<p>\u00ab\u00a0Ces adaptations doivent garantir les valeurs fondatrices de notre S\u00e9curit\u00e9 sociale\u00a0\u00bb, a ajout\u00e9 M. Mattei. Il a r\u00e9affirm\u00e9 qu&rsquo;il n&rsquo;y aurait \u00ab\u00a0ni privatisation, ni \u00e9tatisation de notre syst\u00e8me auquel chaque Fran\u00e7ais et le gouvernement sont tr\u00e8s attach\u00e9s\u00a0\u00bb. Conscient du caract\u00e8re explosif de la r\u00e9forme, le gouvernement prend soin de ne pas braquer les syndicats avec des mesures brutales comme les d\u00e9remboursements de m\u00e9dicaments, malgr\u00e9 le d\u00e9ficit abyssal de la \u00ab\u00a0S\u00e9cu\u00a0\u00bb.<\/p>\n<p>Premiers re\u00e7us avenue de S\u00e9gur, les syndicats CFDT et FO ont approuv\u00e9 cette m\u00e9thode de travail. \u00ab\u00a0Il est inutile de se pr\u00e9cipiter. Une r\u00e9forme faite \u00e0 la va-vite sur des probl\u00e8mes structurels risquerait d&rsquo;\u00eatre dangereuse\u00a0\u00bb, a d\u00e9clar\u00e9 Fran\u00e7ois Ch\u00e9r\u00e8que.<\/p>\n<p>Le secr\u00e9taire g\u00e9n\u00e9ral de la CFDT, dont la conf\u00e9d\u00e9ration dirige la caisse nationale d&rsquo;assurance maladie, a plaid\u00e9 pour un \u00ab\u00a0\u00e9gal acc\u00e8s aux soins\u00a0\u00bb en permettant \u00e0 chaque assur\u00e9 social d&rsquo;avoir une mutuelle, une r\u00e9vision de l&rsquo;organisation des soins entre la ville et l&rsquo;h\u00f4pital et une \u00ab\u00a0meilleure ma\u00eetrise des d\u00e9penses pour mieux soigner et mieux rembourser\u00a0\u00bb. Il a propos\u00e9 que les mutuelles soient associ\u00e9es aux partenaires sociaux dans la gestion des caisses de S\u00e9curit\u00e9 sociale.<\/p>\n<p>Fran\u00e7ois Ch\u00e9r\u00e8que a approuv\u00e9 par ailleurs l&rsquo;id\u00e9e du gouvernement de cr\u00e9er un \u00ab\u00a0cinqui\u00e8me risque\u00a0\u00bb au sein de la S\u00e9curit\u00e9 sociale (en plus de la maladie, de la vieillesse, de la famille et des accidents du travail) pour financer les d\u00e9penses li\u00e9es aux personnes \u00e2g\u00e9es d\u00e9pendantes. La CFDT souhaite que cette future branche d\u00e9pendance soit financ\u00e9e par une hausse de la Cotisation sociale g\u00e9n\u00e9ralis\u00e9e (CSG), qui est pr\u00e9lev\u00e9e sur tous les revenus.<\/p>\n<p>\u00ab\u00a0Le gouvernement n&rsquo;a pas le choix. Comme il ne veut pas avoir de r\u00e9actions brutales, il prend son temps\u00a0\u00bb, a observ\u00e9 de son c\u00f4t\u00e9 Marc Blondel. Il a affirm\u00e9 que M. Mattei lui avait dit que l&rsquo;objectif du gouvernement \u00e9tait de \u00ab\u00a0retrouver l&rsquo;\u00e9quilibre\u00a0\u00bb de la S\u00e9curit\u00e9 sociale \u00e0 la fin du mandat de Jacques Chirac en 2007.<\/p>\n<p>\u00ab\u00a0Pour la solution, c&rsquo;est autre chose. C&rsquo;est \u00e0 ce moment-l\u00e0 qu&rsquo;il y aura certainement des confrontations et des d\u00e9saccords\u00a0\u00bb, a ajout\u00e9 le secr\u00e9taire g\u00e9n\u00e9ral de FO, \u00ab\u00a0pas dupe\u00a0\u00bb des intentions du gouvernement.<\/p>\n<p>Apr\u00e8s la CFDT et FO, Jean-Fran\u00e7ois Mattei a re\u00e7u Bernard Thibault (CGT). Les rencontres se poursuivront mercredi et jeudi avec le MEDEF, la CFTC, la CGC, la CGPME et la Mutualit\u00e9 fran\u00e7aise. <\/p>\n<p>[source &#8211; yahoo.com]&nbsp;AP<\/p>\n","protected":false},"excerpt":{"rendered":"<p>Le gouvernement prend tout son temps sur la r\u00e9forme de la S\u00e9curit\u00e9 sociale. Le ministre de la Sant\u00e9 Jean-Fran\u00e7ois Mattei, qui donnait mardi le coup d&rsquo;envoi des consultations avec les partenaires sociaux, a propos\u00e9 de mettre en place une instance de concertation pour \u00e9tablir d&rsquo;ici novembre un \u00ab\u00a0diagnostic partag\u00e9\u00a0\u00bb. Selon le secr\u00e9taire g\u00e9n\u00e9ral de Force [&hellip;]<\/p>\n","protected":false},"author":1,"featured_media":0,"comment_status":"closed","ping_status":"open","sticky":false,"template":"","format":"standard","meta":{"_citadela_custom_class":"","footnotes":""},"categories":[16],"tags":[],"class_list":["post-2132","post","type-post","status-publish","format-standard","hentry","category-bricabrac"],"_links":{"self":[{"href":"https:\/\/destinationcyber.com\/index.php?rest_route=\/wp\/v2\/posts\/2132","targetHints":{"allow":["GET"]}}],"collection":[{"href":"https:\/\/destinationcyber.com\/index.php?rest_route=\/wp\/v2\/posts"}],"about":[{"href":"https:\/\/destinationcyber.com\/index.php?rest_route=\/wp\/v2\/types\/post"}],"author":[{"embeddable":true,"href":"https:\/\/destinationcyber.com\/index.php?rest_route=\/wp\/v2\/users\/1"}],"replies":[{"embeddable":true,"href":"https:\/\/destinationcyber.com\/index.php?rest_route=%2Fwp%2Fv2%2Fcomments&post=2132"}],"version-history":[{"count":0,"href":"https:\/\/destinationcyber.com\/index.php?rest_route=\/wp\/v2\/posts\/2132\/revisions"}],"wp:attachment":[{"href":"https:\/\/destinationcyber.com\/index.php?rest_route=%2Fwp%2Fv2%2Fmedia&parent=2132"}],"wp:term":[{"taxonomy":"category","embeddable":true,"href":"https:\/\/destinationcyber.com\/index.php?rest_route=%2Fwp%2Fv2%2Fcategories&post=2132"},{"taxonomy":"post_tag","embeddable":true,"href":"https:\/\/destinationcyber.com\/index.php?rest_route=%2Fwp%2Fv2%2Ftags&post=2132"}],"curies":[{"name":"wp","href":"https:\/\/api.w.org\/{rel}","templated":true}]}}