{"id":1735,"date":"2003-06-18T04:10:58","date_gmt":"2003-06-18T02:10:58","guid":{"rendered":"https:\/\/destinationcyber.com\/?p=1735"},"modified":"2003-06-18T04:10:58","modified_gmt":"2003-06-18T02:10:58","slug":"affaire-olitec-les-salaries-soutiennent-leur-p-dg-dans-la-rue","status":"publish","type":"post","link":"https:\/\/destinationcyber.com\/?p=1735","title":{"rendered":"Affaire Olitec: les salari\u00e9s soutiennent leur p-dg dans la rue"},"content":{"rendered":"<p class=\"post_excerpt\">Protestant contre son incarc\u00e9ration, les salari\u00e9s du c\u00e9l\u00e8bre fabricant de modems r\u00e9clament le retour de leur \u00ab\u00a0patronne\u00a0\u00bb<\/p>\n<p>Des salari\u00e9s qui manifestent pour soutenir leur patronne, c&rsquo;est rare! C&rsquo;est pourtant ce qui s&rsquo;est pass\u00e9 ce 17 juin \u00e0 Nancy, ville o\u00f9 est situ\u00e9 Olitec, quelques jours apr\u00e8s l&rsquo;incarc\u00e9ration de Jaqueline Lejeune pour \u00ab\u00a0abus de biens sociaux et faux en \u00e9criture\u00a0\u00bb.<\/p>\n<p>Quasiment tous les salari\u00e9s de l&rsquo;entreprise &#8211; soit 75 personnes environ &#8211; \u00e9taient pr\u00e9sents \u00e0 cette manifestation au beau milieu de la c\u00e9l\u00e8bre place Stanislas. Tous rang\u00e9s derri\u00e8re une banderole r\u00e9clamant: \u00ab\u00a0Rendez-nous notre patronne\u00a0\u00bb. Un soutien sans faille. <\/p>\n<p>\u00ab\u00a0Nous trouvons honteux d&rsquo;incarc\u00e9rer notre p-dg sur des doutes et uniquement sur des doutes\u00a0\u00bb, souligne Eric Lourdin le jeune secr\u00e9taire du comit\u00e9 d&rsquo;entreprise, cit\u00e9 par l&rsquo;Est R\u00e9publicain. <\/p>\n<p>Fermer Boutique<br \/>\nRoberto Di Vincenzo, repr\u00e9sentant du SAO, Syndicat autonome Olitec, r\u00e9sume leurs craintes: \u00ab\u00a0Si elle ne sort pas, on fermera boutique. La tr\u00e9sorerie est au plus bas. Les relations commerciales, le lancement des nouveaux produits, tout \u00e7a c&rsquo;est elle\u00a0\u00bb, a-t-il expliqu\u00e9 au quotidien r\u00e9gional.<\/p>\n<p>Mais il faut bien reconna\u00eetre que les accusations sont lourdes. L&rsquo;enqu\u00eate dure depuis deux ans. Elle porte sur les sommes vers\u00e9es par Olitec Nancy \u00e0 des soci\u00e9t\u00e9s luxembourgeoises. Notamment Olitec International dont Jacqueline Lejeune est salari\u00e9e. La justice fran\u00e7aise doute tr\u00e8s s\u00e9rieusement de la r\u00e9alit\u00e9 de prestations qui, sur cinq ans notamment, ont \u00e9t\u00e9 factur\u00e9es 9 millions d&rsquo;euros \u00e0 l&rsquo;entreprise nanc\u00e9ienne. <\/p>\n<p>[source &#8211; Silicon.fr]&nbsp;Olivier Chicheportiche  <\/p>\n","protected":false},"excerpt":{"rendered":"<p>Protestant contre son incarc\u00e9ration, les salari\u00e9s du c\u00e9l\u00e8bre fabricant de modems r\u00e9clament le retour de leur \u00ab\u00a0patronne\u00a0\u00bb<\/p>\n","protected":false},"author":1,"featured_media":0,"comment_status":"closed","ping_status":"open","sticky":false,"template":"","format":"standard","meta":{"_citadela_custom_class":"","footnotes":""},"categories":[19],"tags":[],"class_list":["post-1735","post","type-post","status-publish","format-standard","hentry","category-e-droit"],"_links":{"self":[{"href":"https:\/\/destinationcyber.com\/index.php?rest_route=\/wp\/v2\/posts\/1735","targetHints":{"allow":["GET"]}}],"collection":[{"href":"https:\/\/destinationcyber.com\/index.php?rest_route=\/wp\/v2\/posts"}],"about":[{"href":"https:\/\/destinationcyber.com\/index.php?rest_route=\/wp\/v2\/types\/post"}],"author":[{"embeddable":true,"href":"https:\/\/destinationcyber.com\/index.php?rest_route=\/wp\/v2\/users\/1"}],"replies":[{"embeddable":true,"href":"https:\/\/destinationcyber.com\/index.php?rest_route=%2Fwp%2Fv2%2Fcomments&post=1735"}],"version-history":[{"count":0,"href":"https:\/\/destinationcyber.com\/index.php?rest_route=\/wp\/v2\/posts\/1735\/revisions"}],"wp:attachment":[{"href":"https:\/\/destinationcyber.com\/index.php?rest_route=%2Fwp%2Fv2%2Fmedia&parent=1735"}],"wp:term":[{"taxonomy":"category","embeddable":true,"href":"https:\/\/destinationcyber.com\/index.php?rest_route=%2Fwp%2Fv2%2Fcategories&post=1735"},{"taxonomy":"post_tag","embeddable":true,"href":"https:\/\/destinationcyber.com\/index.php?rest_route=%2Fwp%2Fv2%2Ftags&post=1735"}],"curies":[{"name":"wp","href":"https:\/\/api.w.org\/{rel}","templated":true}]}}