{"id":10519,"date":"2016-03-29T22:58:49","date_gmt":"2016-03-29T20:58:49","guid":{"rendered":"https:\/\/destinationcyber.com\/?p=10519"},"modified":"2016-03-29T22:58:49","modified_gmt":"2016-03-29T20:58:49","slug":"la-prime-dactivite-depasse-deja-son-objectif-pour-2016","status":"publish","type":"post","link":"https:\/\/destinationcyber.com\/?p=10519","title":{"rendered":"La prime d&rsquo;activit\u00e9 d\u00e9passe d\u00e9j\u00e0 son objectif pour 2016"},"content":{"rendered":"<p>Il ne vous reste plus que deux jours, jusqu&rsquo;au 31 mars, pour faire votre demande de prime d&rsquo;activit\u00e9.<\/p>\n<p>\u00ab\u00a0Pour la premi\u00e8re fois, le nombre de foyers b\u00e9n\u00e9ficiaires a d\u00e9pass\u00e9 la barre des 2,5 millions\u00a0\u00bb, rapporte en plateau David Bo\u00e9ri.<\/p>\n<p>La crise est en effet pass\u00e9e par l\u00e0.<\/p>\n<p>Avec la mise en place de la prime d&rsquo;activit\u00e9, le nombre d&rsquo;allocataires va continuer de progresser.<\/p>\n<p>\u00ab\u00a0C&rsquo;est d\u00e9j\u00e0 le cas avec pr\u00e8s de 1,5 million de foyers qui l&rsquo;ont d\u00e9j\u00e0 touch\u00e9 en f\u00e9vrier, dont 225 000 jeunes de moins de 25 ans\u00a0\u00bb, souligne David Bo\u00e9ri.<\/p>\n<p>Soit tous ceux qui ont une activit\u00e9 partielle avec des revenus tr\u00e8s faibles\u00a0\u00bb, conclut le journaliste de France 3.<\/p>\n<p>Fin 2015, le nombre de foyers allocataires du RSA a d\u00e9pass\u00e9 pour la premi\u00e8re fois la barre des 2,5 millions en France.<\/p>\n<p>Au 31 d\u00e9cembre 2015, d&rsquo;apr\u00e8s les derni\u00e8res donn\u00e9es publi\u00e9es par la CAF, il y avait en effet 2,53 millions de foyers allocataires du Revenu de solidarit\u00e9 active.<\/p>\n<p>La premi\u00e8re explication est math\u00e9matique: le RSA, cr\u00e9\u00e9 en juin 2009, ne concernait que la France m\u00e9tropolitaine, puis il a \u00e9t\u00e9 \u00e9tendu sous certaines conditions aux jeunes de moins de 25 ans en septembre 2010 (RSA jeune), puis dans les d\u00e9partements d&rsquo;outre-mer (DOM) et certaines collectivit\u00e9s d&rsquo;outre-mer (COM) \u00e0 partir de janvier 2011, puis \u00e0 Mayotte en janvier 2012.<\/p>\n<p>La deuxi\u00e8me explication r\u00e9side dans le plan pluriannuel contre la pauvret\u00e9 lanc\u00e9 par le gouvernement Ayrault en janvier 2013, qui pr\u00e9voit la revalorisation (hors inflation) du bar\u00e8me du RSA de 10% sur cinq ans.<\/p>\n<p>La troisi\u00e8me explication tient dans la tendance structurelle de la France (depuis plus de 30 ans), \u00e0 rester fig\u00e9e dans le ch\u00f4mage de masse, avec une aggravation tr\u00e8s marqu\u00e9e depuis la crise de 2008.<\/p>\n<p>Le RSA est constitu\u00e9 de deux volets: un volet \u00abminimum social\u00bb -le RSA socle- qui constitue le dernier filet de s\u00e9curit\u00e9 du syst\u00e8me de protection sociale; un volet \u00abcompl\u00e9ment de revenus d&rsquo;activit\u00e9\u00bb -le RSA activit\u00e9-, qui apporte un suppl\u00e9ment de ressources aux foyers disposant de revenus d&rsquo;activit\u00e9 professionnelle faibles.<\/p>\n<p>Un foyer allocataire du RSA peut ne percevoir que le RSA socle (\u00abRSA socle seul\u00bb) ou le RSA activit\u00e9 (\u00abRSA activit\u00e9 seul\u00bb), ou encore cumuler les deux volets (\u00abRSA socle et activit\u00e9\u00bb) lorsqu&rsquo;il d\u00e9clare un revenu d&rsquo;activit\u00e9 non nul mais dispose de ressources inf\u00e9rieures \u00e0 un montant forfaitaire d\u00e9pendant de la configuration familiale.<\/p>\n<p>Parmi les d\u00e9partements o\u00f9 le nombre de foyers allocataires du RSA (les trois types de RSA) d\u00e9passe les 100.000, figurent en premier lieu le Nord, puis La R\u00e9union, la Seine-Saint-Denis, et les Bouches-du-Rh\u00f4ne.<\/p>\n<p>Le co\u00fbt du RSA a explos\u00e9 de 32% depuis sa cr\u00e9ation en 2009, selon l&rsquo;Association des d\u00e9partements de France, la crise de 2008 ayant favoris\u00e9 la pauvret\u00e9.<\/p>\n<p>Fanch<\/p>\n<p><a title=\"tuto  .com\" href=\"http:\/\/fr.tuto.com\/?parrain=fanchlerouge\"><img loading=\"lazy\" decoding=\"async\" class=\" size-full wp-image-10350\" src=\"https:\/\/destinationcyber.com\/wp-content\/uploads\/2011\/12\/fr.tuto_.com__banner_common_weecast_468x60.jpg\" alt=\"tuto .com\" width=\"468\" height=\"60\" \/><\/a><\/p>\n<p>[Source Reuters][Source AFP][Source lemonde.fr][Source La Tribune][Source Les Echos][Source service-public.fr][Source Leparisien][Source facebook.com\/journalsatirique.letripotin][Source macplus.net][Source planet-sansfil.com][Source geeek.org][Source branchez-vous.com][Source<br \/>\nsecuriteoff.blogspot.com][Source spyworld-actu.com][Source ZDNet France][Source silicon.fr][Source PCINpact][Source maxiapple.com][Source generation-nt.com]<br \/>\n[Source numerama][Source Blogs Yahoo ! Music][Source LesInfos.com][Source Rue89][Source zataz.com][Source 03.ibm.com][Source culturebox.france3.fr][Source<br \/>\nspyworld-actu.com][Source le.cos.free.fr][Source events.apple.com.edgesuite.net][Source lalsace.fr][Source fdj.fr][Source videos.tf1.fr][Source presse-citron.net]<\/p>\n","protected":false},"excerpt":{"rendered":"<p>Il ne vous reste plus que deux jours, jusqu&rsquo;au 31 mars, pour faire votre demande de prime d&rsquo;activit\u00e9. \u00ab\u00a0Pour la premi\u00e8re fois, le nombre de foyers b\u00e9n\u00e9ficiaires a d\u00e9pass\u00e9 la barre des 2,5 millions\u00a0\u00bb, rapporte en plateau David Bo\u00e9ri. La crise est en effet pass\u00e9e par l\u00e0. Avec la mise en place de la prime [&hellip;]<\/p>\n","protected":false},"author":1,"featured_media":10350,"comment_status":"closed","ping_status":"open","sticky":false,"template":"","format":"standard","meta":{"_citadela_custom_class":"","footnotes":""},"categories":[19],"tags":[],"class_list":["post-10519","post","type-post","status-publish","format-standard","has-post-thumbnail","hentry","category-e-droit"],"_links":{"self":[{"href":"https:\/\/destinationcyber.com\/index.php?rest_route=\/wp\/v2\/posts\/10519","targetHints":{"allow":["GET"]}}],"collection":[{"href":"https:\/\/destinationcyber.com\/index.php?rest_route=\/wp\/v2\/posts"}],"about":[{"href":"https:\/\/destinationcyber.com\/index.php?rest_route=\/wp\/v2\/types\/post"}],"author":[{"embeddable":true,"href":"https:\/\/destinationcyber.com\/index.php?rest_route=\/wp\/v2\/users\/1"}],"replies":[{"embeddable":true,"href":"https:\/\/destinationcyber.com\/index.php?rest_route=%2Fwp%2Fv2%2Fcomments&post=10519"}],"version-history":[{"count":0,"href":"https:\/\/destinationcyber.com\/index.php?rest_route=\/wp\/v2\/posts\/10519\/revisions"}],"wp:featuredmedia":[{"embeddable":true,"href":"https:\/\/destinationcyber.com\/index.php?rest_route=\/wp\/v2\/media\/10350"}],"wp:attachment":[{"href":"https:\/\/destinationcyber.com\/index.php?rest_route=%2Fwp%2Fv2%2Fmedia&parent=10519"}],"wp:term":[{"taxonomy":"category","embeddable":true,"href":"https:\/\/destinationcyber.com\/index.php?rest_route=%2Fwp%2Fv2%2Fcategories&post=10519"},{"taxonomy":"post_tag","embeddable":true,"href":"https:\/\/destinationcyber.com\/index.php?rest_route=%2Fwp%2Fv2%2Ftags&post=10519"}],"curies":[{"name":"wp","href":"https:\/\/api.w.org\/{rel}","templated":true}]}}