{"id":10477,"date":"2014-07-30T17:08:36","date_gmt":"2014-07-30T15:08:36","guid":{"rendered":"https:\/\/destinationcyber.com\/?p=10477"},"modified":"2014-07-30T17:08:36","modified_gmt":"2014-07-30T15:08:36","slug":"paris-la-fourriere-enleve-un-enfant","status":"publish","type":"post","link":"https:\/\/destinationcyber.com\/?p=10477","title":{"rendered":"Paris : la fourri\u00e8re enl\u00e8ve un enfant"},"content":{"rendered":"<p>Des parents, qui avait mal gar\u00e9 leur voiture, ont eu la d\u00e9sagr\u00e9able surprise de voir la fourri\u00e8re l&rsquo;enlever avec leur enfant, \u00e2g\u00e9 de 12 ans, qu&rsquo;elle avait laiss\u00e9 \u00e0 l&rsquo;int\u00e9rieur, rapporte Le Parisien.<\/p>\n<p>Les faits se sont d\u00e9roul\u00e9s, samedi dernier, dans le 15\u00e8me arrondissement de Paris.<\/p>\n<p>Alors qu&rsquo;ils devaient d\u00e9poser leur enfant \u00e0 la gare d&rsquo;Auterlitz, pour que ce dernier prenne un train, des parents d\u00e9cident de faire une halte expresse dans le 15\u00e8me arrondissement, o\u00f9 ils ont un appartement en chantier.<\/p>\n<p>\u00ab\u00a0Nous redescendons cinq \u00e0 dix minutes plus tard et l\u00e0, notre fils a disparu\u00a0\u00bb, confie le p\u00e8re de famille, interrog\u00e9 par Le Parisien.<\/p>\n<p>De son c\u00f4t\u00e9, la pr\u00e9fecture de police, qui reconna\u00eet qu&rsquo;il y a eu \u00ab\u00a0un probl\u00e8me\u00a0\u00bb, a ouvert une enqu\u00eate administrative, rapporte Le Parisien.<\/p>\n<p><a href=\"http:\/\/www.europe1.fr\/Faits-divers\/Paris-la-fourriere-enleve-leur-voiture-avec-leur-enfant-a-l-interieur-2193451\/\">En savoir plus<\/a><\/p>\n<p>Fanch<\/p>\n<p><a href=\"http:\/\/fr.tuto.com\/?parrain=fanchlerouge\" title=\"tuto.com\"><br \/>\n<img loading=\"lazy\" decoding=\"async\" class=\" size-full wp-image-10476\" src=\"https:\/\/destinationcyber.com\/wp-content\/uploads\/2014\/07\/fr.tuto_.com_banner_common_weecast_468x60.jpg\" width=\"468\" height=\"60\" alt=\"tuto .com\" srcset=\"https:\/\/destinationcyber.com\/wp-content\/uploads\/2014\/07\/fr.tuto_.com_banner_common_weecast_468x60.jpg 468w, https:\/\/destinationcyber.com\/wp-content\/uploads\/2014\/07\/fr.tuto_.com_banner_common_weecast_468x60-300x38.jpg 300w\" sizes=\"auto, (max-width: 468px) 100vw, 468px\" \/><\/a><\/p>\n<p>[Source Reuters][Source AFP][Source lemonde.fr][Source La Tribune][Source Les Echos][Source service-public.fr][Source Leparisien][Source facebook.com\/journalsatirique.letripotin][Source macplus.net][Source planet-sansfil.com][Source geeek.org][Source branchez-vous.com][Source securiteoff.blogspot.com][Source spyworld-actu.com][Source ZDNet France][Source silicon.fr][Source PCINpact][Source maxiapple.com][Source generation-nt.com][Source numerama][Source Blogs Yahoo\u00a0! Music][Source LesInfos.com][Source Rue89][Source zataz.com][Source 03.ibm.com][Source culturebox.france3.fr][Source spyworld-actu.com][Source le.cos.free.fr][Source events.apple.com.edgesuite.net][Source lalsace.fr][Source fdj.fr][Source videos.tf1.fr]<\/p>\n","protected":false},"excerpt":{"rendered":"<p>Des parents, qui avait mal gar\u00e9 leur voiture, ont eu la d\u00e9sagr\u00e9able surprise de voir la fourri\u00e8re l&rsquo;enlever avec leur enfant, \u00e2g\u00e9 de 12 ans, qu&rsquo;elle avait laiss\u00e9 \u00e0 l&rsquo;int\u00e9rieur, rapporte Le Parisien. Les faits se sont d\u00e9roul\u00e9s, samedi dernier, dans le 15\u00e8me arrondissement de Paris. Alors qu&rsquo;ils devaient d\u00e9poser leur enfant \u00e0 la gare [&hellip;]<\/p>\n","protected":false},"author":1,"featured_media":10476,"comment_status":"closed","ping_status":"open","sticky":false,"template":"","format":"standard","meta":{"_citadela_custom_class":"","footnotes":""},"categories":[18],"tags":[],"class_list":["post-10477","post","type-post","status-publish","format-standard","has-post-thumbnail","hentry","category-medias"],"_links":{"self":[{"href":"https:\/\/destinationcyber.com\/index.php?rest_route=\/wp\/v2\/posts\/10477","targetHints":{"allow":["GET"]}}],"collection":[{"href":"https:\/\/destinationcyber.com\/index.php?rest_route=\/wp\/v2\/posts"}],"about":[{"href":"https:\/\/destinationcyber.com\/index.php?rest_route=\/wp\/v2\/types\/post"}],"author":[{"embeddable":true,"href":"https:\/\/destinationcyber.com\/index.php?rest_route=\/wp\/v2\/users\/1"}],"replies":[{"embeddable":true,"href":"https:\/\/destinationcyber.com\/index.php?rest_route=%2Fwp%2Fv2%2Fcomments&post=10477"}],"version-history":[{"count":0,"href":"https:\/\/destinationcyber.com\/index.php?rest_route=\/wp\/v2\/posts\/10477\/revisions"}],"wp:featuredmedia":[{"embeddable":true,"href":"https:\/\/destinationcyber.com\/index.php?rest_route=\/wp\/v2\/media\/10476"}],"wp:attachment":[{"href":"https:\/\/destinationcyber.com\/index.php?rest_route=%2Fwp%2Fv2%2Fmedia&parent=10477"}],"wp:term":[{"taxonomy":"category","embeddable":true,"href":"https:\/\/destinationcyber.com\/index.php?rest_route=%2Fwp%2Fv2%2Fcategories&post=10477"},{"taxonomy":"post_tag","embeddable":true,"href":"https:\/\/destinationcyber.com\/index.php?rest_route=%2Fwp%2Fv2%2Ftags&post=10477"}],"curies":[{"name":"wp","href":"https:\/\/api.w.org\/{rel}","templated":true}]}}