{"id":10418,"date":"2013-01-14T16:31:22","date_gmt":"2013-01-14T15:31:22","guid":{"rendered":"https:\/\/destinationcyber.com\/?p=10418"},"modified":"2013-01-14T16:31:22","modified_gmt":"2013-01-14T15:31:22","slug":"discrimination-a-lembauche-la-face-noire-du-travail","status":"publish","type":"post","link":"https:\/\/destinationcyber.com\/?p=10418","title":{"rendered":"Discrimination \u00e0 l\u2019embauche : la face noire du travail"},"content":{"rendered":"<p>Dans \u00ab DRH, Le Livre noir \u00bb (Seuil), le chercheur en sociologie Jean-Fran\u00e7ois Amadieu d\u00e9nonce l\u2019arbitraire des recrutements et l\u2019opacit\u00e9 des \u00e9carts de r\u00e9mun\u00e9ration dans les entreprises.<\/p>\n<p>Les trois quarts des salari\u00e9s \u00ab ne sont pas satisfaits de la reconnaissance dont ils b\u00e9n\u00e9ficient, que ce soit en mati\u00e8re de r\u00e9mun\u00e9ration, de formation ou de parcours professionnel \u00bb.<\/p>\n<p><img decoding=\"async\" src=\"http:\/\/www.lalsace.fr\/fr\/images\/DF3C8399-86F9-4C47-814B-77924FBB0353\/ALS_03\/dessin-laurent-salles.jpg\" alt=\"La face noir du travail (credit dessin de Laurent Salles - lalsace.fr)\" title=\"La face noir du travail (credit dessin de Laurent Salles - lalsace.fr)\" class=\"caption\" align=\"center\" \/><\/p>\n<p>Facebook, Google et Twitter o\u00f9 l\u2019on expose sa vie priv\u00e9e et professionnelle ont facilit\u00e9 la t\u00e2che des recruteurs.<\/p>\n<p>Un recruteur de cadres d\u2019hypermarch\u00e9 demande aux femmes combien gagnent leurs maris et \u00ab ne recrute pas une femme dont le mari gagne bien sa vie \u00bb car elle devra s\u2019occuper des enfants plus que lui.<\/p>\n<p>Dans une entreprise de transports, on demande aux candidats s\u2019ils connaissent le nom du secr\u00e9taire g\u00e9n\u00e9ral de la CFDT : s\u2019ils le connaissent, ils sont soup\u00e7onn\u00e9s de sympathie pour le syndicalisme\u2026<\/p>\n<p>En 2007, 70 % des cabinets de recrutement utilisaient la graphologie, selon une enqu\u00eate men\u00e9e par leur syndicat professionnel.<\/p>\n<p>Une coach, certifi\u00e9e HEC, valorise \u00ab l\u2019intuition \u00bb, \u00ab stade le plus \u00e9lev\u00e9 de l\u2019intelligence \u00bb, pour recruter.<\/p>\n<p>\u00ab Les salaires sont injustement fix\u00e9s : les logiques de comp\u00e9tence et de performance ne pr\u00e9valent pas toujours \u00bb, d\u00e9nonce le chercheur.<\/p>\n<p>Selon le prix Nobel Kenneth Arrow : 50 % des \u00e9carts de salaires aux \u00c9tats-Unis restent inexpliqu\u00e9s.<\/p>\n<p>Fanch<\/p>\n<p>[Source Reuters][Source AFP][Source lemonde.fr][Source La Tribune][Source Les Echos][Source service-public.fr][Source Leparisien][Source<br \/>\nfacebook.com\/journalsatirique.letripotin][Source macplus.net][Source planet-sansfil.com][Source geeek.org][Source branchez-vous.com][Source<br \/>\nsecuriteoff.blogspot.com][Source spyworld-actu.com][Source ZDNet France][Source silicon.fr][Source PCINpact][Source maxiapple.com][Source generation-nt.com]<br \/>\n[Source numerama][Source Blogs Yahoo ! Music][Source LesInfos.com][Source Rue89][Source zataz.com][Source 03.ibm.com][Source culturebox.france3.fr][Source<br \/>\nspyworld-actu.com][Source le.cos.free.fr][Source events.apple.com.edgesuite.net][Source lalsace.fr][Source fdj.fr][Source videos.tf1.fr][Source presse-citron.net]<\/p>\n","protected":false},"excerpt":{"rendered":"<p>Dans \u00ab DRH, Le Livre noir \u00bb (Seuil), le chercheur en sociologie Jean-Fran\u00e7ois Amadieu d\u00e9nonce l\u2019arbitraire des recrutements et l\u2019opacit\u00e9 des \u00e9carts de r\u00e9mun\u00e9ration dans les entreprises. Les trois quarts des salari\u00e9s \u00ab ne sont pas satisfaits de la reconnaissance dont ils b\u00e9n\u00e9ficient, que ce soit en mati\u00e8re de r\u00e9mun\u00e9ration, de formation ou de parcours [&hellip;]<\/p>\n","protected":false},"author":1,"featured_media":0,"comment_status":"closed","ping_status":"open","sticky":false,"template":"","format":"standard","meta":{"_citadela_custom_class":"","footnotes":""},"categories":[46],"tags":[],"class_list":["post-10418","post","type-post","status-publish","format-standard","hentry","category-infos-regionales"],"_links":{"self":[{"href":"https:\/\/destinationcyber.com\/index.php?rest_route=\/wp\/v2\/posts\/10418","targetHints":{"allow":["GET"]}}],"collection":[{"href":"https:\/\/destinationcyber.com\/index.php?rest_route=\/wp\/v2\/posts"}],"about":[{"href":"https:\/\/destinationcyber.com\/index.php?rest_route=\/wp\/v2\/types\/post"}],"author":[{"embeddable":true,"href":"https:\/\/destinationcyber.com\/index.php?rest_route=\/wp\/v2\/users\/1"}],"replies":[{"embeddable":true,"href":"https:\/\/destinationcyber.com\/index.php?rest_route=%2Fwp%2Fv2%2Fcomments&post=10418"}],"version-history":[{"count":0,"href":"https:\/\/destinationcyber.com\/index.php?rest_route=\/wp\/v2\/posts\/10418\/revisions"}],"wp:attachment":[{"href":"https:\/\/destinationcyber.com\/index.php?rest_route=%2Fwp%2Fv2%2Fmedia&parent=10418"}],"wp:term":[{"taxonomy":"category","embeddable":true,"href":"https:\/\/destinationcyber.com\/index.php?rest_route=%2Fwp%2Fv2%2Fcategories&post=10418"},{"taxonomy":"post_tag","embeddable":true,"href":"https:\/\/destinationcyber.com\/index.php?rest_route=%2Fwp%2Fv2%2Ftags&post=10418"}],"curies":[{"name":"wp","href":"https:\/\/api.w.org\/{rel}","templated":true}]}}